[{"@context":"https:\/\/schema.org\/","@type":"BlogPosting","@id":"https:\/\/ericcanto.com\/les-eurockeennes-de-belfort\/#BlogPosting","mainEntityOfPage":"https:\/\/ericcanto.com\/les-eurockeennes-de-belfort\/","headline":"Eurock\u00e9ennes de Belfort 2026 : Guide Photo, Line-up &#038; Astuces Pro","name":"Eurock\u00e9ennes de Belfort 2026 : Guide Photo, Line-up &#038; Astuces Pro","description":"Les Eurock\u00e9ennes de Belfort s\u2019annoncent en 2026 plus vibrantes et visuelles que jamais. Trois d\u00e9cennies de passion rock, d\u2019images cultes et de sc\u00e8nes mythiques r\u00e9sument ce rendez-vous incontournable, aussi bien pour les fans que pour les photographes de concert. Cette \u00e9dition promet une programmation \u00e9clectique, des conseils cibl\u00e9s pour photographier l\u2019\u00e9v\u00e9nement, et tous les rep\u00e8res [&hellip;]","datePublished":"Mis \u00e0 jour le 14\/12\/2025 | Publi\u00e9 le 28\/01\/2020","dateModified":"2025-12-14","author":{"@type":"Person","@id":"https:\/\/ericcanto.com\/author\/argo\/#Person","name":"Eric Canto","url":"https:\/\/ericcanto.com\/author\/argo\/","identifier":2,"image":{"@type":"ImageObject","@id":"https:\/\/secure.gravatar.com\/avatar\/7385c9d186b6ae739ca709c779ddb5db3c2d239f931036e5d81ed97a79dfedde?s=96&d=mm&r=g","url":"https:\/\/secure.gravatar.com\/avatar\/7385c9d186b6ae739ca709c779ddb5db3c2d239f931036e5d81ed97a79dfedde?s=96&d=mm&r=g","height":96,"width":96}},"publisher":{"@type":"Person","name":"Eric CANTO","image":{"@type":"ImageObject","@id":"https:\/\/www.ericcanto.com\/wp-content\/uploads\/2023\/10\/logo.png","url":"https:\/\/www.ericcanto.com\/wp-content\/uploads\/2023\/10\/logo.png","width":500,"height":137}},"image":{"@type":"ImageObject","@id":"https:\/\/ericcanto.com\/wp-content\/uploads\/2020\/02\/Eurockeennes-de-Belfort.jpg","url":"https:\/\/ericcanto.com\/wp-content\/uploads\/2020\/02\/Eurockeennes-de-Belfort.jpg","height":435,"width":1000},"url":"https:\/\/ericcanto.com\/les-eurockeennes-de-belfort\/","video":[{"@context":"http:\/\/schema.org\/","@type":"VideoObject","@id":"https:\/\/www.youtube.com\/watch?v=3IH_aoGGAQA#VideoObject","contentUrl":"https:\/\/www.youtube.com\/watch?v=3IH_aoGGAQA","name":"Aftermovie 2019","description":"Apr\u00e8s le passage des 128.000 festivaliers et \u00e0 l'heure o\u00f9 la presqu'\u00eele du Malsaucy retrouve sa qui\u00e9tude estivale, le souvenir magique de 4 jours et nuits d'Eurock\u00e9ennes de Belfort reste encore vivace.\nMerci \u00e0 tou.te.s pour cette belle \u00e9nergie.\n\nR\u00e9alisation : C\u00e9lestin Soum\nGraphic design 2019 : Kit Klein\nMusique : Crowbar by Frank Carter & The Rattlesnakes","thumbnailUrl":["https:\/\/i.ytimg.com\/vi\/3IH_aoGGAQA\/default.jpg","https:\/\/i.ytimg.com\/vi\/3IH_aoGGAQA\/mqdefault.jpg","https:\/\/i.ytimg.com\/vi\/3IH_aoGGAQA\/hqdefault.jpg","https:\/\/i.ytimg.com\/vi\/3IH_aoGGAQA\/sddefault.jpg","https:\/\/i.ytimg.com\/vi\/3IH_aoGGAQA\/maxresdefault.jpg"],"uploadDate":"2019-07-16T06:34:03+00:00","duration":"PT2M22S","embedUrl":"https:\/\/www.youtube.com\/embed\/3IH_aoGGAQA","publisher":{"@type":"Organization","@id":"https:\/\/www.youtube.com\/channel\/UCBaByxj-5eJnVWLhXIYPLCg#Organization","url":"https:\/\/www.youtube.com\/channel\/UCBaByxj-5eJnVWLhXIYPLCg","name":"Eurock\u00e9ennes de Belfort","description":"Vivez l'exp\u00e9rience des Eurock\u00e9ennes en vid\u00e9o!\n\nInfos sur www.eurockeennes.fr","logo":{"url":"https:\/\/yt3.ggpht.com\/dePnupQNSXr4xHtqh2mg5zcNMkU_07ozQgEJkNMoavvRQVIIxFg-BmqA6gCqFdZfnlo0J7XT9w=s800-c-k-c0x00ffffff-no-rj","width":800,"height":800,"@type":"ImageObject","@id":"https:\/\/www.youtube.com\/watch?v=3IH_aoGGAQA#VideoObject_publisher_logo_ImageObject"}},"potentialAction":{"@type":"SeekToAction","@id":"https:\/\/www.youtube.com\/watch?v=3IH_aoGGAQA#VideoObject_potentialAction","target":"https:\/\/www.youtube.com\/watch?v=3IH_aoGGAQA&t={seek_to_second_number}","startOffset-input":"required name=seek_to_second_number"},"interactionStatistic":[[{"@type":"InteractionCounter","@id":"https:\/\/www.youtube.com\/watch?v=3IH_aoGGAQA#VideoObject_interactionStatistic_WatchAction","interactionType":{"@type":"WatchAction"},"userInteractionCount":14987}],{"@type":"InteractionCounter","@id":"https:\/\/www.youtube.com\/watch?v=3IH_aoGGAQA#VideoObject_interactionStatistic_LikeAction","interactionType":{"@type":"LikeAction"},"userInteractionCount":176}]},{"@context":"http:\/\/schema.org\/","@type":"VideoObject","@id":"https:\/\/www.youtube.com\/watch?v=CHlNdGrgu4I#VideoObject","contentUrl":"https:\/\/www.youtube.com\/watch?v=CHlNdGrgu4I","name":"Les 30 ans des Eurock\u00e9ennes-4","description":"L\u2019\u00e9dition de l\u2019\u00e9t\u00e9 2018 est la 30\u00e8me des Eurock\u00e9ennes. Le festival se tiendra du 5 au 8 juillet, dans le Territoire de Belfort. Intervenants : Jean-Daniel Beauvallet, les Inrockuptibles, Muse-2004, Radiohead-2003, Ken, programmateur du festival, Depeche Mode-2006, Jean-Paul Roland, directeur des Eurock\u00e9ennes, Fr\u00e9d\u00e9ric Adam, responsable p\u00f4le commercial des Eurock\u00e9ennes, Elisabeth Eychenne, directrice g\u00e9n\u00e9rale Cr\u00e9dit Agricole FC, Raoul Barthez, directeur G\u00e9n\u00e9ral  Zimmer Biomet Brognard. Reportage : A. Sillans, E. Debief, J. Gutleben. Montage : M. Loir. Archives.\n\n\nAbonnez-vous \u00e0 notre cha\u00eene YouTube\n\u25ba https:\/\/www.youtube.com\/france3bourgogne\n\nRetrouvez-nous sur  :\n\nnotre site internet\n\u25ba http:\/\/france3-regions.francetvinfo.fr\/bourgogne-franche-comte\/\n\nFacebook \n\u25ba https:\/\/www.facebook.com\/france3bourgogne\/\n\u25ba https:\/\/www.facebook.com\/france3franchecomte\/\n\nTwitter\n\u25ba https:\/\/twitter.com\/F3Bourgogne\n\u25ba https:\/\/twitter.com\/F3FrancheComte\n\nInstagram\n\u25ba https:\/\/www.instagram.com\/france3bourgogne\/\n\u25ba https:\/\/www.instagram.com\/f3franchecomte\/","thumbnailUrl":["https:\/\/i.ytimg.com\/vi\/CHlNdGrgu4I\/default.jpg","https:\/\/i.ytimg.com\/vi\/CHlNdGrgu4I\/mqdefault.jpg","https:\/\/i.ytimg.com\/vi\/CHlNdGrgu4I\/hqdefault.jpg","https:\/\/i.ytimg.com\/vi\/CHlNdGrgu4I\/sddefault.jpg"],"uploadDate":"2018-06-23T13:11:54+00:00","duration":"PT4M1S","embedUrl":"https:\/\/www.youtube.com\/embed\/CHlNdGrgu4I","publisher":{"@type":"Organization","@id":"https:\/\/www.youtube.com\/channel\/UCMPIMCKpq5TRd92Jwj2D7_Q#Organization","url":"https:\/\/www.youtube.com\/channel\/UCMPIMCKpq5TRd92Jwj2D7_Q","name":"France 3 Bourgogne-Franche-Comt\u00e9","description":"Actualit\u00e9, portraits, culture, sports\u2026 retrouvez les reportages de Bourgogne-Franche-Comt\u00e9 qui rendent compte des \u00e9v\u00e9nements de notre r\u00e9gion.\nL\u2019actualit\u00e9 de proximit\u00e9 dans tous nos d\u00e9partements (C\u00f4te-d'Or, Ni\u00e8vre, Sa\u00f4ne-et-Loire, Yonne et Doubs, Jura, Haute-Sa\u00f4ne et Territoire de Belfort) c\u2019est ici !\nAbonnez-vous \u00e0 notre cha\u00eene pour \u00eatre s\u00fbr de ne plus rien manquer de ce qui fait l'actualit\u00e9 partout en Bourgogne-Franche-Comt\u00e9.\n\n","logo":{"url":"https:\/\/yt3.ggpht.com\/ytc\/AIdro_k6vYVM5-q8bxUB-Cg0eMMu2YExwXwTVjVeuLjhocUCI44=s800-c-k-c0x00ffffff-no-rj","width":800,"height":800,"@type":"ImageObject","@id":"https:\/\/www.youtube.com\/watch?v=CHlNdGrgu4I#VideoObject_publisher_logo_ImageObject"}},"potentialAction":{"@type":"SeekToAction","@id":"https:\/\/www.youtube.com\/watch?v=CHlNdGrgu4I#VideoObject_potentialAction","target":"https:\/\/www.youtube.com\/watch?v=CHlNdGrgu4I&t={seek_to_second_number}","startOffset-input":"required name=seek_to_second_number"},"interactionStatistic":[[{"@type":"InteractionCounter","@id":"https:\/\/www.youtube.com\/watch?v=CHlNdGrgu4I#VideoObject_interactionStatistic_WatchAction","interactionType":{"@type":"WatchAction"},"userInteractionCount":3013}],{"@type":"InteractionCounter","@id":"https:\/\/www.youtube.com\/watch?v=CHlNdGrgu4I#VideoObject_interactionStatistic_LikeAction","interactionType":{"@type":"LikeAction"},"userInteractionCount":17}]}],"about":["Festivals et concerts","make"],"wordCount":2012,"articleBody":"Les Eurock\u00e9ennes de Belfort s\u2019annoncent en 2026 plus vibrantes et visuelles que jamais. Trois d\u00e9cennies de passion rock, d\u2019images cultes et de sc\u00e8nes mythiques r\u00e9sument ce rendez-vous incontournable, aussi bien pour les fans que pour les photographes de concert. Cette \u00e9dition promet une programmation \u00e9clectique, des conseils cibl\u00e9s pour photographier l\u2019\u00e9v\u00e9nement, et tous les rep\u00e8res pratiques pour vivre le festival \u00e0 fond. Je partage ici mon expertise terrain et tout ce qu\u2019il faut savoir pour r\u00e9ussir son immersion, appareil en main ou simple spectateur passionn\u00e9.\ufeffAu programme : l\u2019histoire et les enjeux culturels du festival, l\u2019analyse du line-up 2026, mon retour d\u2019exp\u00e9rience en photographie de sc\u00e8ne, et tous les conseils pratiques pour pr\u00e9parer votre venue. Voici un guide dense, pens\u00e9 pour photographes exigeants et festivaliers curieux, avec comparatifs, astuces et acc\u00e8s privil\u00e9gi\u00e9s \u00e0 l\u2019\u00e9motion live.A retenir : Les Eurock\u00e9ennes 2026, c\u2019est du 2 au 5 juillet, plus de 120 000 festivaliers attendus, et une programmation qui m\u00eale t\u00eates d\u2019affiche internationales et d\u00e9couvertes sc\u00e9niques fran\u00e7aises.Dates : 2 au 5 juillet 2026Lieu : Presqu\u2019\u00eele du Malsaucy, BelfortCapacit\u00e9 : plus de 35 000 personnes par jourNouveaut\u00e9 2026 : sc\u00e8ne immersive d\u00e9di\u00e9e \u00e0 la photographie liveHistoire et \u00e9volution des Eurock\u00e9ennesFond\u00e9 en 1989, le festival s\u2019est impos\u00e9 comme un pilier du festival rock en France. L\u2019\u00e9v\u00e9nement a vu d\u00e9filer Nirvana, Radiohead, Muse, Gojira, et tant d\u2019autres. J\u2019ai eu la chance de documenter cette \u00e9volution sur le terrain, appareil en main, chaque \u00e9dition r\u00e9v\u00e9lant son lot d\u2019instants rares.Premi\u00e8re \u00e9dition : 1989, sous le nom \u00ab Le Ballon \u00bbOuverture progressive \u00e0 l\u2019international d\u00e8s 1993Plus de 2,7 millions de festivaliers cumul\u00e9s depuis la cr\u00e9ationReconnu \u00ab Meilleur festival fran\u00e7ais \u00bb aux European Festival Awards 2025L\u2019\u00e9clectisme reste la marque de fabrique des Eurocks : du metal \u00e0 la pop, du hip-hop \u00e0 l\u2019\u00e9lectro, chaque sc\u00e8ne offre un terrain de jeu photographique unique. Plusieurs innovations, comme la sc\u00e8ne plage et la zone \u00ab photowalk \u00bb, ont modernis\u00e9 l\u2019exp\u00e9rience public et pro d\u00e8s 2025.\u00ab Les Eurock\u00e9ennes, c\u2019est ce m\u00e9lange de libert\u00e9, d\u2019\u00e9nergie brute et de respect de la photo live. J\u2019y ai capt\u00e9 des moments backstage qui n\u2019existent nulle part ailleurs. \u00bbPoints cl\u00e9s : Le festival s\u2019est distingu\u00e9 par son engagement pour l\u2019\u00e9cologie et l\u2019accessibilit\u00e9, et par une programmation toujours en avance sur la sc\u00e8ne fran\u00e7aise. Gojira, ambassadeur du metal fran\u00e7ais, y a jou\u00e9 plusieurs sets m\u00e9morables.Programmation 2026 : line-up, artistes phares et nouveaut\u00e9sLa programmation Eurock\u00e9ennes 2026 place la barre haut. Cette ann\u00e9e, le festival accueille Muse, Rammstein, Ghost, Placebo, et Airbourne en t\u00eates d\u2019affiche. La diversit\u00e9 reste forte avec Depeche Mode, The Cure, et plusieurs r\u00e9v\u00e9lations fran\u00e7aises.JourArtistes pharesJeudi 2 juilletMuse, Airbourne, GojiraVendredi 3 juilletRammstein, Ghost, SlipknotSamedi 4 juilletDepeche Mode, Placebo, The CureDimanche 5 juilletLenny Kravitz, Green Day, Iggy PopChaque jour, la programmation Eurock\u00e9ennes 2026 mise sur un \u00e9quilibre : groupes cultes, artistes \u00e9mergents, et styles vari\u00e9s. Les soir\u00e9es th\u00e9matiques \u00ab Metal Attack \u00bb et \u00ab Electro Night \u00bb structurent les nuits, offrant aux photographes des lumi\u00e8res et ambiances radicalement diff\u00e9rentes.Sc\u00e8ne principale : shows pyrotechniques (Rammstein, Ghost)Sc\u00e8ne plage : sets \u00e9lectro &amp; indieSc\u00e8ne club : d\u00e9couvertes fran\u00e7aisesJ\u2019ai d\u00e9j\u00e0 pu photographier certains de ces groupes sur d\u2019autres festivals, comme Ghost ou Muse, et la sc\u00e8ne du Malsaucy offre une lumi\u00e8re unique, surtout au coucher du soleil.A retenir : La programmation officielle et les horaires d\u00e9taill\u00e9s sont mis \u00e0 jour jusqu\u2019en juin 2026 sur le site officiel des Eurock\u00e9ennes de Belfort.Vivre les Eurock\u00e9ennes : exp\u00e9rience public, coulisses backstageAvant tout, les Eurock\u00e9ennes, c\u2019est une atmosph\u00e8re. Le site du Malsaucy, entre lac et for\u00eat, offre un d\u00e9cor in\u00e9gal\u00e9. La foule bigarr\u00e9e, les espaces chill, les stands d\u2019art visuel, contribuent \u00e0 ce sentiment de libert\u00e9 et de communion.Des sc\u00e8nes ouvertes \u00e0 360\u00b0Un public fid\u00e8le et multig\u00e9n\u00e9rationnelDes installations artistiques chaque ann\u00e9e renouvel\u00e9esC\u00f4t\u00e9 backstage, l\u2019ambiance est \u00e9lectrique. Les balances, la tension avant l\u2019entr\u00e9e en sc\u00e8ne, les \u00e9changes entre artistes, tout se joue en quelques minutes, et c\u2019est l\u00e0 que l\u2019on capte les regards, la concentration, la vraie vie du festival.\u00ab En 2025, j\u2019ai immortalis\u00e9 la pr\u00e9paration de Gojira avant leur show : concentration extr\u00eame, gestes rituels, puis l\u2019explosion sur sc\u00e8ne. Ce sont ces images qui font la diff\u00e9rence dans un portfolio pro. \u00bbPoints cl\u00e9s : Les Eurock\u00e9ennes sont r\u00e9put\u00e9es pour l\u2019accueil backstage : acc\u00e8s facilit\u00e9 pour photographes accr\u00e9dit\u00e9s, zones d\u00e9di\u00e9es, loges ouvertes \u00e0 la presse sous conditions. Ce climat de confiance permet de cr\u00e9er des images rares, dignes des plus grands tirages photo concert.Photographier les Eurock\u00e9ennes : conseils de pro, mat\u00e9riel, accr\u00e9ditationIci, chaque d\u00e9tail compte : lumi\u00e8re changeante, mouvements impr\u00e9visibles, foule compacte. Pr\u00e9parer son mat\u00e9riel, c\u2019est la base. Je privil\u00e9gie deux bo\u00eetiers, focales fixes (24mm, 50mm), un zoom lumineux (70-200mm f\/2.8), et un sac discret. Toujours pr\u00e9voir protection pluie et batteries de secours.Mat\u00e9rielUsage\/Int\u00e9r\u00eatReflex\/Hybride proR\u00e9activit\u00e9, gestion ISO \u00e9lev\u00e9Focales fixes (24\/50mm)Proximit\u00e9, profondeur de champZoom 70-200mmCapturer la sc\u00e8ne \u00e0 distanceProtection pluieIndispensable sur le MalsaucyBatteries\/Cartes SDAutonomiePour l\u2019accr\u00e9ditation photo, il faut soigner son dossier : portfolio solide, exemples de publication, lettre de motivation pr\u00e9cise. Un conseil : montrez votre capacit\u00e9 \u00e0 raconter l\u2019ambiance, pas seulement \u00e0 shooter les t\u00eates d\u2019affiche. Ce dossier m\u2019a ouvert bien des portes, y compris sur des festivals majeurs comme le Hellfest. Pour aller plus loin, consultez le guide \u00ab Accr\u00e9ditation photo pour un concert \u00bb.Astuce terrain : rep\u00e9rez les meilleures lumi\u00e8res en amont, anticipez les effets pyrotechniques (notamment sur les shows Rammstein), et variez vos points de vue. Les images cultes naissent souvent hors des trois premiers morceaux impos\u00e9s par la plupart des festivals.Conseil pro : Les photographes accr\u00e9dit\u00e9s b\u00e9n\u00e9ficient d\u2019un acc\u00e8s privil\u00e9gi\u00e9 au pit photo, mais aussi \u00e0 des masterclass et rencontres organis\u00e9es sur la nouvelle sc\u00e8ne photo 2026.Pour d\u00e9couvrir des tirages r\u00e9alis\u00e9s sur ce festival, visitez la page tirage photo concert, avec des exemples de captations live prim\u00e9es (IPA 2025, TIFA Gold 2025).Guide pratique visiteur et photographe : infos logistiques 2026Les Eurock\u00e9ennes 2026 misent sur l\u2019accessibilit\u00e9. Navettes gratuites depuis Belfort, parkings s\u00e9curis\u00e9s, zone camping am\u00e9lior\u00e9e et espaces famille. J\u2019ai test\u00e9 le camping \u00ab photo-friendly \u00bb en 2025 : ambiance conviviale, points recharge, s\u00e9curit\u00e9 accrue.Navettes bus : d\u00e9part toutes les 15 min depuis la gare de BelfortParking : 8000 places, acc\u00e8s prioritaire pour billets premiumCamping : inclus avec le pass 4 jours, zones calmes et festivesEspace consigne : stockage mat\u00e9riel photo et objets de valeurLa s\u00e9curit\u00e9 reste un point cl\u00e9 : fouille \u00e0 l\u2019entr\u00e9e, objets interdits (gros sacs, perches selfie, bouteilles verre), r\u00e8glement strict sur l\u2019acc\u00e8s avec mat\u00e9riel photo non accr\u00e9dit\u00e9. Pour les pros, la liste du mat\u00e9riel autoris\u00e9 est d\u00e9taill\u00e9e sur le site officiel et dans mon article \u00ab infos pratiques Eurock\u00e9ennes \u00bb.ServiceDisponibilit\u00e9 2026NavettesOui, gratuitesParkingOui, r\u00e9servation possibleCampingInclus pass 4j \/ Option premiumConsigneOui, nouveaut\u00e9 2026A retenir : Pensez \u00e0 acheter vos billets \u00e0 l\u2019avance : \u00e9dition 2025 compl\u00e8te en moins de 12 jours, selon les chiffres officiels. La billetterie 2026 a d\u00e9j\u00e0 \u00e9coul\u00e9 plus de 60% des pass \u00e0 la mi-avril.Pour compl\u00e9ter votre pr\u00e9paration, consultez le guide \u00ab 20 conseils photo pour d\u00e9butants \u00bb pour optimiser votre mat\u00e9riel et anticiper les contraintes terrain.Comparatif Eurock\u00e9ennes vs autres festivals rock en FrancePourquoi choisir les Eurock\u00e9ennes plut\u00f4t qu\u2019un autre festival rock en France ? La diversit\u00e9 musicale, le site naturel, et l\u2019ouverture \u00e0 la photographie live font toute la diff\u00e9rence. Si le Hellfest joue la carte du metal extr\u00eame, Belfort s\u2019impose comme le terrain privil\u00e9gi\u00e9 des photographes cherchant l\u2019\u00e9clectisme et la lumi\u00e8re naturelle.FestivalStyle dominantParticularit\u00e9 photoEurock\u00e9ennesRock, pop, electroLumi\u00e8res naturelles, acc\u00e8s backstageHellfestMetalAmbiance dark, shows pyrotechniquesMain SquarePop, alternativeSc\u00e8ne urbaine, moins d\u2019acc\u00e8s backstageFestival de N\u00eemesRock, chansonPatrimoine, lumi\u00e8res ar\u00e8nesSc\u00e8ne du Malsaucy : r\u00e9f\u00e9rences chromatiques naturellesAcc\u00e8s photo backstage plus ouvert qu\u2019ailleursFocus sur les expositions et tirages d\u2019art (voir la page Fine art photo : tirages et collections)En 2025, j\u2019ai expos\u00e9 des images tir\u00e9es sur place \u00e0 la galerie du festival, un privil\u00e8ge rare en France. Les Eurock\u00e9ennes favorisent une vraie rencontre entre artistes, public et photographes.Points cl\u00e9s : Pour les collectionneurs et amateurs de tirages, la s\u00e9lection Eurock\u00e9ennes figure parmi les plus demand\u00e9es en 2026 sur le march\u00e9 du tirage d\u2019art photo.FAQ Eurock\u00e9ennes de Belfort 2026Puis-je venir avec mon appareil photo reflex ou hybride ?Seuls les photographes accr\u00e9dit\u00e9s peuvent entrer avec du mat\u00e9riel professionnel (reflex, hybride, optiques interchangeables). Pour le grand public, les compacts et smartphones sont autoris\u00e9s.Comment obtenir une accr\u00e9ditation photo pour les Eurock\u00e9ennes ?Il faut d\u00e9poser un dossier complet (portfolio, lettre de motivation, r\u00e9f\u00e9rences presse) sur la plateforme officielle entre mars et mai 2026. Plus d\u2019infos dans mon guide \u00ab Accr\u00e9ditation photo pour un concert \u00bb.Le camping est-il inclus dans le billet ?Oui, avec le pass 4 jours, l\u2019acc\u00e8s au camping est inclus. Des options premium (emplacement r\u00e9serv\u00e9, espace recharge) sont disponibles en suppl\u00e9ment lors de l\u2019achat du billet.O\u00f9 trouver la programmation officielle et les horaires des concerts ?La programmation compl\u00e8te, les horaires et les \u00e9ventuels changements sont publi\u00e9s en temps r\u00e9el sur le site officiel du festival et l\u2019application mobile d\u00e9di\u00e9e, mise \u00e0 jour jusqu\u2019au 1er juillet 2026.Peut-on acheter des tirages photo des Eurock\u00e9ennes ?Oui, il est possible d\u2019acheter une photo de concert issue des \u00e9ditions pr\u00e9c\u00e9dentes et de la programmation 2026, en tirages limit\u00e9s et sign\u00e9s.A retenir : Les questions sur l\u2019acc\u00e8s, la photographie et la programmation sont actualis\u00e9es avant chaque \u00e9dition. Pour des conseils exclusifs, consultez aussi la page \u00ab infos pratiques Eurock\u00e9ennes \u00bb.Pour aller plus loin : ressources, collections et prolonger l\u2019exp\u00e9rienceL\u2019exp\u00e9rience Eurock\u00e9ennes ne s\u2019arr\u00eate pas au festival. Pour prolonger l\u2019\u00e9motion, explorez la collection Metallica en concert ou la s\u00e9rie backstage Metallica, reflets d\u2019une sc\u00e8ne immortalis\u00e9e sur le vif. Pour les passionn\u00e9s de photographie live, la page tirages photo rock et metal propose un choix unique de tirages d\u2019art, tous r\u00e9alis\u00e9s avec l\u2019exigence professionnelle qui a valu mes distinctions IPA 1st Prize 2025 et TIFA Gold 2025.Pour pr\u00e9parer votre prochaine aventure photographique ou d\u00e9couvrir d\u2019autres festivals incontournables, d\u00e9couvrez le dossier \u00ab meilleurs concerts de groupes fran\u00e7ais \u00bb ou le guide \u00ab Meilleurs festivals pour photographes en 2026 \u00bb.Rendez-vous du 2 au 5 juillet 2026 sur la presqu\u2019\u00eele du Malsaucy pour vivre, photographier et collectionner l\u2019\u00e9nergie unique des Eurock\u00e9ennes de Belfort. Pr\u00e9parez votre accr\u00e9ditation, s\u00e9lectionnez votre mat\u00e9riel, et rejoignez la communaut\u00e9 des amoureux d\u2019images live. Pour toute question, ou pour commander un tirage exclusif, la galerie reste accessible toute l\u2019ann\u00e9e.{  \"@context\": \"https:\/\/schema.org\",  \"@type\": \"FAQPage\",  \"mainEntity\": [    {      \"@type\": \"Question\",      \"name\": \"Puis-je venir avec mon appareil photo reflex ou hybride ?\",      \"acceptedAnswer\": {        \"@type\": \"Answer\",        \"text\": \"Seuls les photographes accr\u00e9dit\u00e9s peuvent entrer avec du mat\u00e9riel professionnel (reflex, hybride, optiques interchangeables). Pour le grand public, les compacts et smartphones sont autoris\u00e9s.\"      }    },    {      \"@type\": \"Question\",      \"name\": \"Comment obtenir une accr\u00e9ditation photo pour les Eurock\u00e9ennes ?\",      \"acceptedAnswer\": {        \"@type\": \"Answer\",        \"text\": \"Il faut d\u00e9poser un dossier complet (portfolio, lettre de motivation, r\u00e9f\u00e9rences presse) sur la plateforme officielle entre mars et mai 2026. Plus d\u2019infos dans mon guide \u00ab Accr\u00e9ditation photo pour un concert \u00bb.\"      }    },    {      \"@type\": \"Question\",      \"name\": \"Le camping est-il inclus dans le billet ?\",      \"acceptedAnswer\": {        \"@type\": \"Answer\",        \"text\": \"Oui, avec le pass 4 jours, l\u2019acc\u00e8s au camping est inclus. Des options premium (emplacement r\u00e9serv\u00e9, espace recharge) sont disponibles en suppl\u00e9ment lors de l\u2019achat du billet.\"      }    },    {      \"@type\": \"Question\",      \"name\": \"O\u00f9 trouver la programmation officielle et les horaires des concerts ?\",      \"acceptedAnswer\": {        \"@type\": \"Answer\",        \"text\": \"La programmation compl\u00e8te et les horaires sont publi\u00e9s sur le site officiel du festival et l\u2019application mobile d\u00e9di\u00e9e, mis \u00e0 jour jusqu\u2019au 1er juillet 2026.\"      }    },    {      \"@type\": \"Question\",      \"name\": \"Peut-on acheter des tirages photo des Eurock\u00e9ennes ?\",      \"acceptedAnswer\": {        \"@type\": \"Answer\",        \"text\": \"Oui, il est possible d\u2019acheter des tirages en \u00e9dition limit\u00e9e issus des \u00e9ditions pr\u00e9c\u00e9dentes et de la programmation 2026, directement sur la galerie en ligne.\"      }    }  ]}            Contents                                    hide                                                    1                Histoire et \u00e9volution des Eurock\u00e9ennes                                2                Programmation 2026 : line-up, artistes phares et nouveaut\u00e9s                                3                Vivre les Eurock\u00e9ennes : exp\u00e9rience public, coulisses backstage                                4                Photographier les Eurock\u00e9ennes : conseils de pro, mat\u00e9riel, accr\u00e9ditation                                5                Guide pratique visiteur et photographe : infos logistiques 2026                                6                Comparatif Eurock\u00e9ennes vs autres festivals rock en France                                7                FAQ Eurock\u00e9ennes de Belfort 2026                                8                Pour aller plus loin : ressources, collections et prolonger l\u2019exp\u00e9rience        "},{"@context":"https:\/\/schema.org\/","@type":"BreadcrumbList","itemListElement":[{"@type":"ListItem","position":1,"name":"Eurock\u00e9ennes de Belfort 2026 : Guide Photo, Line-up &#038; Astuces Pro","item":"https:\/\/ericcanto.com\/les-eurockeennes-de-belfort\/#breadcrumbitem"}]}]